{"id":1720,"date":"2026-03-09T15:56:04","date_gmt":"2026-03-09T14:56:04","guid":{"rendered":"https:\/\/kampanj.bonniernewslocal.se\/dalarnasidrottsgala\/?p=1720"},"modified":"2026-03-13T15:44:24","modified_gmt":"2026-03-13T14:44:24","slug":"foreningarna-gor-alive-mojligt-win-win-for-alla","status":"publish","type":"post","link":"https:\/\/kampanj.bonniernewslocal.se\/dalarnasidrottsgala\/fk\/foreningarna-gor-alive-mojligt-win-win-for-alla\/","title":{"rendered":"F\u00f6reningarna g\u00f6r Alive m\u00f6jligt \u2013 \u201cWin-win f\u00f6r alla\u201d"},"content":{"rendered":"<p>[et_pb_section fb_built=&#8221;1&#8243; custom_padding_last_edited=&#8221;off|phone&#8221; module_class=&#8221;brodtext&#8221; _builder_version=&#8221;4.23.4&#8243; _module_preset=&#8221;default&#8221; background_color=&#8221;#f7f9fb&#8221; custom_padding=&#8221;30px||30px||false|false&#8221; custom_padding_tablet=&#8221;50px||50px||true|false&#8221; custom_padding_phone=&#8221;40px||40px||true|false&#8221; global_colors_info=&#8221;{}&#8221; theme_builder_area=&#8221;post_content&#8221;][et_pb_row _builder_version=&#8221;4.23.1&#8243; _module_preset=&#8221;default&#8221; width_tablet=&#8221;80%&#8221; width_phone=&#8221;90%&#8221; width_last_edited=&#8221;on|phone&#8221; max_width=&#8221;640px&#8221; module_alignment=&#8221;center&#8221; custom_margin=&#8221;0px||0px||true|false&#8221; custom_padding=&#8221;0px||0px||true|false&#8221; global_colors_info=&#8221;{}&#8221; theme_builder_area=&#8221;post_content&#8221;][et_pb_column type=&#8221;4_4&#8243; _builder_version=&#8221;4.20.0&#8243; _module_preset=&#8221;default&#8221; global_colors_info=&#8221;{}&#8221; theme_builder_area=&#8221;post_content&#8221;][et_pb_text disabled_on=&#8221;on|on|on&#8221; _builder_version=&#8221;4.23.4&#8243; _module_preset=&#8221;default&#8221; text_font=&#8221;Inter||||||||&#8221; header_5_font=&#8221;Inter|||on|||||&#8221; header_5_text_color=&#8221;#141414&#8243; header_5_font_size=&#8221;14px&#8221; custom_margin=&#8221;||6px||false|false&#8221; disabled=&#8221;on&#8221; global_colors_info=&#8221;{}&#8221; theme_builder_area=&#8221;post_content&#8221;]<\/p>\n<h5>Kr\u00f6nika<\/h5>\n<p>[\/et_pb_text][et_pb_text _builder_version=&#8221;4.27.5&#8243; _module_preset=&#8221;default&#8221; header_font=&#8221;|700|||||||&#8221; header_font_size=&#8221;48px&#8221; custom_margin=&#8221;||0px||false|false&#8221; custom_padding=&#8221;||0px||false|false&#8221; header_font_size_tablet=&#8221;45px&#8221; header_font_size_phone=&#8221;36px&#8221; header_font_size_last_edited=&#8221;on|phone&#8221; custom_css_free_form=&#8221;.citat-blue{||  color:#007CBF;||}||.reg-txt{||  font-weight:normal!important;||}&#8221; global_colors_info=&#8221;{}&#8221; theme_builder_area=&#8221;post_content&#8221;]<\/p>\n<h1>F\u00f6reningarna g\u00f6r Alive m\u00f6jligt \u2013 \u201cWin-win f\u00f6r alla\u201d<\/h1>\n<p>[\/et_pb_text][et_pb_text _builder_version=&#8221;4.27.5&#8243; _dynamic_attributes=&#8221;content&#8221; _module_preset=&#8221;default&#8221; text_font=&#8221;||||||||&#8221; text_text_color=&#8221;#505762&#8243; header_5_font=&#8221;Inter||||||||&#8221; header_5_text_color=&#8221;#505762&#8243; header_5_font_size=&#8221;14px&#8221; custom_margin=&#8221;||14px||false|false&#8221; global_colors_info=&#8221;{}&#8221; theme_builder_area=&#8221;post_content&#8221;]@ET-DC@eyJkeW5hbWljIjp0cnVlLCJjb250ZW50IjoicG9zdF9kYXRlIiwic2V0dGluZ3MiOnsiYmVmb3JlIjoiIiwiYWZ0ZXIiOiIiLCJkYXRlX2Zvcm1hdCI6ImRlZmF1bHQiLCJjdXN0b21fZGF0ZV9mb3JtYXQiOiIifX0=@[\/et_pb_text][et_pb_text _builder_version=&#8221;4.27.5&#8243; _module_preset=&#8221;default&#8221; text_font=&#8221;Inter|800|||||||&#8221; text_text_color=&#8221;#191919&#8243; text_font_size=&#8221;20px&#8221; header_4_font=&#8221;Inter|700|||||||&#8221; header_4_text_color=&#8221;#191919&#8243; header_4_font_size=&#8221;20px&#8221; header_4_line_height=&#8221;1.3em&#8221; custom_margin=&#8221;||0px||false|false&#8221; custom_padding=&#8221;||0px||false|false&#8221; global_colors_info=&#8221;{}&#8221; theme_builder_area=&#8221;post_content&#8221;]<\/p>\n<h4>Festivalgl\u00e4dje, musik, mat och fullt tryck &#8211; men ocks\u00e5 entr\u00e9er som ska rulla och mycket annat som m\u00e5ste flyta p\u00e5.<\/h4>\n<h4>P\u00e5 Alive Festival \u00e4r det lokala f\u00f6reningar som sk\u00f6ter en hel del bakom kulisserna &#8211; mot en ers\u00e4ttning som g\u00e5r tillbaka till verksamheten.<\/h4>\n<p>[\/et_pb_text][et_pb_text _builder_version=&#8221;4.27.5&#8243; _module_preset=&#8221;default&#8221; text_font=&#8221;||||||||&#8221; text_text_color=&#8221;#141414&#8243; text_font_size=&#8221;16px&#8221; header_6_font_size=&#8221;16px&#8221; header_6_line_height=&#8221;1.3em&#8221; background_color=&#8221;#eff0f2&#8243; custom_margin=&#8221;20px||0px||false|false&#8221; custom_padding=&#8221;14px|20px|14px|20px|true|true&#8221; global_colors_info=&#8221;{}&#8221; theme_builder_area=&#8221;post_content&#8221;]<\/p>\n<h6 style=\"padding-bottom: 0px;\"><strong>Inneh\u00e5ll fr\u00e5n Alive Festival<\/strong> &#8211; stolt partner till Dalarnas Idrottsgala 2026.<\/h6>\n<p>[\/et_pb_text][\/et_pb_column][\/et_pb_row][et_pb_row _builder_version=&#8221;4.24.0&#8243; _module_preset=&#8221;default&#8221; width_tablet=&#8221;100%&#8221; width_phone=&#8221;100%&#8221; width_last_edited=&#8221;on|phone&#8221; max_width=&#8221;878px&#8221; module_alignment=&#8221;center&#8221; custom_padding=&#8221;30px||30px||true|false&#8221; global_colors_info=&#8221;{}&#8221; theme_builder_area=&#8221;post_content&#8221;][et_pb_column type=&#8221;4_4&#8243; _builder_version=&#8221;4.23.1&#8243; _module_preset=&#8221;default&#8221; global_colors_info=&#8221;{}&#8221; theme_builder_area=&#8221;post_content&#8221;][et_pb_image src=&#8221;https:\/\/kampanj.bonniernewslocal.se\/dalarnasidrottsgala\/wp-content\/uploads\/2026\/03\/alive_festival_main.png&#8221; title_text=&#8221;alive_festival_main&#8221; _builder_version=&#8221;4.27.5&#8243; _module_preset=&#8221;default&#8221; custom_margin=&#8221;0px||10px||false|false&#8221; custom_padding=&#8221;0px||0px||false|false&#8221; global_colors_info=&#8221;{}&#8221; theme_builder_area=&#8221;post_content&#8221;][\/et_pb_image][\/et_pb_column][\/et_pb_row][et_pb_row _builder_version=&#8221;4.27.5&#8243; _module_preset=&#8221;default&#8221; width_tablet=&#8221;80%&#8221; width_phone=&#8221;90%&#8221; width_last_edited=&#8221;on|phone&#8221; max_width=&#8221;640px&#8221; module_alignment=&#8221;center&#8221; custom_margin=&#8221;0px||0px||true|false&#8221; custom_padding=&#8221;0px||0px||false|false&#8221; global_colors_info=&#8221;{}&#8221; theme_builder_area=&#8221;post_content&#8221;][et_pb_column type=&#8221;4_4&#8243; _builder_version=&#8221;4.20.0&#8243; _module_preset=&#8221;default&#8221; global_colors_info=&#8221;{}&#8221; theme_builder_area=&#8221;post_content&#8221;][et_pb_text module_class=&#8221;tiempos-txt&#8221; _builder_version=&#8221;4.27.5&#8243; _module_preset=&#8221;default&#8221; text_text_color=&#8221;#191919&#8243; text_font_size=&#8221;18px&#8221; link_font=&#8221;||||||||&#8221; link_text_color=&#8221;#007cbf&#8221; header_2_font_size=&#8221;24px&#8221; width_tablet=&#8221;100%&#8221; width_phone=&#8221;100%&#8221; width_last_edited=&#8221;off|desktop&#8221; custom_padding=&#8221;||||false|false&#8221; header_2_font_size_last_edited=&#8221;off|phone&#8221; custom_css_free_form=&#8221;h2{||  padding-bottom:0px;||  margin-bottom:8px;||}&#8221; global_colors_info=&#8221;{}&#8221; theme_builder_area=&#8221;post_content&#8221;]<\/p>\n<p><a href=\"https:\/\/www.alivefestival.se\/biljetter\" target=\"_blank\" rel=\"noopener\">EXTERN L\u00c4NK: K\u00f6p biljett till Alive h\u00e4r!<\/a><\/p>\n<p>I sommar \u00e4r det \u00e5terigen dags f\u00f6r Alive Festival i Borl\u00e4nge, i \u00e5r med artister som Agnes, Molly Sand\u00e9n och Smash into Pieces. Men f\u00f6rutom allt h\u00e4rligt som h\u00e4nder p\u00e5 scenerna s\u00e5 \u00e4r en festival ocks\u00e5 ett stort logistikbygge som m\u00e5ste fungera.<\/p>\n<p>P\u00e5 Alive st\u00e5r det lokala f\u00f6reningslivet f\u00f6r en viktig del av jobbet runt omkring. Under festivalveckan bemannar f\u00f6reningarnas medlemmar olika funktioner p\u00e5 omr\u00e5det; alltifr\u00e5n uppbyggnad och entr\u00e9er till st\u00e4d, servering och s\u00e4kerhet.<\/p>\n<p>\u2013 Vi v\u00e4rdes\u00e4tter v\u00e5ra f\u00f6reningar otroligt mycket och \u00e4r s\u00e5 tacksamma \u00f6ver vi kan st\u00f6tta f\u00f6reningslivet, s\u00e4ger Patrik Schultz, vd f\u00f6r Alive.<\/p>\n<p>Ers\u00e4ttningen g\u00e5r direkt till f\u00f6reningen \u2013 pengar som kan bli ett tillskott till exempelvis cuper, l\u00e4ger och annan verksamhet. 2025 fick f\u00f6reningarna hela 300000 kronor tillbaka f\u00f6r sin insats.<\/p>\n<p>\u2013 Vi ser det som ett partnerskap. F\u00f6reningarna \u00e4r en del av festivalen, s\u00e4ger Patrik Schultz.<\/p>\n<p>[\/et_pb_text][et_pb_image src=&#8221;https:\/\/kampanj.bonniernewslocal.se\/dalarnasidrottsgala\/wp-content\/uploads\/2026\/03\/alive_festival_1.jpg&#8221; title_text=&#8221;alive_festival_1&#8243; _builder_version=&#8221;4.27.5&#8243; _module_preset=&#8221;default&#8221; custom_margin=&#8221;25px||25px||false|false&#8221; global_colors_info=&#8221;{}&#8221; theme_builder_area=&#8221;post_content&#8221;][\/et_pb_image][et_pb_text module_class=&#8221;tiempos-txt&#8221; _builder_version=&#8221;4.27.5&#8243; _module_preset=&#8221;default&#8221; text_text_color=&#8221;#191919&#8243; text_font_size=&#8221;18px&#8221; link_font=&#8221;||||||||&#8221; link_text_color=&#8221;#007cbf&#8221; header_2_font_size=&#8221;24px&#8221; width_tablet=&#8221;100%&#8221; width_phone=&#8221;100%&#8221; width_last_edited=&#8221;off|desktop&#8221; custom_padding=&#8221;||||false|false&#8221; header_2_font_size_last_edited=&#8221;off|phone&#8221; custom_css_free_form=&#8221;h2{||  padding-bottom:0px;||  margin-bottom:8px;||}&#8221; global_colors_info=&#8221;{}&#8221; theme_builder_area=&#8221;post_content&#8221;]<\/p>\n<h2>Intensivt men roligt jobb<\/h2>\n<p>Magnus Tongring \u00e4r ordf\u00f6rande f\u00f6r Borl\u00e4nge Basket, som under flera \u00e5r har jobbat p\u00e5 Alive:<\/p>\n<p>\u2013 Detta \u00e4r en j\u00e4tteviktig grej f\u00f6r klubbens ekonomi, och vi \u00e4r j\u00e4tteglada att vi f\u00e5r g\u00f6ra det h\u00e4r, s\u00e4ger han.<\/p>\n<p>\u2013 V\u00e5rt huvudomr\u00e5de har de senaste \u00e5ren varit att bygga t\u00e4lt, men vi hj\u00e4lper ocks\u00e5 till d\u00e4r det beh\u00f6vs, till exempel med scenbygge eller att st\u00e4lla ut bord och b\u00e4nkar.<\/p>\n<p>Arbetet \u00e4r intensivt men roligt, s\u00e4ger Magnus Tongring. Borl\u00e4nge Basket har haft runt 15-20 personer som har jobbat per dag, framf\u00f6r allt under dagarna innan och efter festivalen.<\/p>\n<p>\u2013 Uppl\u00e4gget \u00e4r en win-win. Vi f\u00e5r viktiga pengar till f\u00f6reningen, och som tack f\u00e5r ungdomarna som har hj\u00e4lpt till ett festivalpass. Vi uppskattar verkligen m\u00f6jligheten, och tycker att det h\u00e4r \u00e4r en bra grej f\u00f6r hela Borl\u00e4nge.<\/p>\n<p>\u2013 En bonus \u00e4r att vi som deltar f\u00e5r tr\u00e4ffas \u00f6ver f\u00f6reningsgr\u00e4nserna, s\u00e4ger Magnus Tongring.<\/p>\n<p>[\/et_pb_text][et_pb_image src=&#8221;https:\/\/kampanj.bonniernewslocal.se\/dalarnasidrottsgala\/wp-content\/uploads\/2026\/03\/alive_festival_3.jpg&#8221; title_text=&#8221;alive_festival_3&#8243; _builder_version=&#8221;4.27.5&#8243; _module_preset=&#8221;default&#8221; custom_margin=&#8221;25px||25px||false|false&#8221; global_colors_info=&#8221;{}&#8221; theme_builder_area=&#8221;post_content&#8221;][\/et_pb_image][\/et_pb_column][\/et_pb_row][et_pb_row _builder_version=&#8221;4.24.0&#8243; _module_preset=&#8221;default&#8221; width_tablet=&#8221;80%&#8221; width_phone=&#8221;90%&#8221; width_last_edited=&#8221;on|phone&#8221; max_width=&#8221;640px&#8221; module_alignment=&#8221;center&#8221; custom_margin=&#8221;0px||0px||true|false&#8221; custom_padding=&#8221;0px||0px||false|false&#8221; global_colors_info=&#8221;{}&#8221; theme_builder_area=&#8221;post_content&#8221;][et_pb_column type=&#8221;4_4&#8243; _builder_version=&#8221;4.20.0&#8243; _module_preset=&#8221;default&#8221; global_colors_info=&#8221;{}&#8221; theme_builder_area=&#8221;post_content&#8221;][et_pb_text module_class=&#8221;tiempos-txt&#8221; _builder_version=&#8221;4.27.5&#8243; _module_preset=&#8221;default&#8221; text_text_color=&#8221;#191919&#8243; text_font_size=&#8221;18px&#8221; link_font=&#8221;||||||||&#8221; link_text_color=&#8221;#007cbf&#8221; header_2_font_size=&#8221;24px&#8221; width_tablet=&#8221;100%&#8221; width_phone=&#8221;100%&#8221; width_last_edited=&#8221;off|desktop&#8221; custom_padding=&#8221;||||false|false&#8221; header_2_font_size_last_edited=&#8221;off|phone&#8221; custom_css_free_form=&#8221;h2{||  padding-bottom:0px;||  margin-bottom:8px;||}&#8221; global_colors_info=&#8221;{}&#8221; theme_builder_area=&#8221;post_content&#8221;]<\/p>\n<h2>\u201cSmart s\u00e4tt att st\u00e4rka kassan\u201d<\/h2>\n<p>Festivalen samarbetar idag hittills med 16 f\u00f6reningar, och \u00e4n finns det plats f\u00f6r flera att anm\u00e4la intresse, b\u00e5de f\u00f6r i \u00e5r och f\u00f6r 2027.<\/p>\n<p>\u2013 Vi vill att f\u00f6reningarna i och runt omkring Borl\u00e4nge &#8211; och hela Dalarna &#8211; ska veta att den h\u00e4r m\u00f6jligheten finns. Det \u00e4r ett smart s\u00e4tt att st\u00e4rka kassan p\u00e5 ett s\u00e4tt som ocks\u00e5 \u00e4r roligt f\u00f6r medlemmarna, s\u00e4ger Patrik Schultz.<\/p>\n<p>Volont\u00e4rerna ska helst ha fyllt 18 \u00e5r, men som minst ha fyllt 16 \u00e5r innan festivalen inleds.<\/p>\n<p><a href=\"https:\/\/www.alivefestival.se\/foreningar\" target=\"_blank\" rel=\"noopener\">EXTERN L\u00c4NK: \u00c4r din f\u00f6rening intresserad? Ans\u00f6k h\u00e4r!<\/a>[\/et_pb_text][et_pb_text module_class=&#8221;inter-txt&#8221; _builder_version=&#8221;4.27.5&#8243; _module_preset=&#8221;default&#8221; text_font=&#8221;||||||||&#8221; text_text_color=&#8221;#191919&#8243; text_font_size=&#8221;16px&#8221; text_line_height=&#8221;1.5em&#8221; link_text_color=&#8221;#007cbf&#8221; header_font=&#8221;||||||||&#8221; header_2_font=&#8221;|700|||||||&#8221; header_2_text_color=&#8221;#191919&#8243; header_2_font_size=&#8221;24px&#8221; background_color=&#8221;#f0f0f2&#8243; width=&#8221;640px&#8221; width_tablet=&#8221;100%&#8221; width_phone=&#8221;100%&#8221; width_last_edited=&#8221;on|phone&#8221; module_alignment=&#8221;center&#8221; custom_margin=&#8221;30px||||false|false&#8221; custom_padding=&#8221;30px|30px|30px|30px|true|true&#8221; header_2_font_size_tablet=&#8221;24px&#8221; header_2_font_size_phone=&#8221;22px&#8221; header_2_font_size_last_edited=&#8221;on|phone&#8221; border_radii=&#8221;on|0.5rem|0.5rem|0.5rem|0.5rem&#8221; locked=&#8221;off&#8221; global_colors_info=&#8221;{}&#8221; theme_builder_area=&#8221;post_content&#8221;]<\/p>\n<h3>Alive Festival 2026<\/h3>\n<p><b>N\u00e4r:<\/b> 2\u20134 juli 2026<br \/>\n<b>Var:<\/b> Borl\u00e4nge<br \/>\n<b>Artister i urval:<\/b> Agnes, Miriam Bryant, Molly Sand\u00e9n, Smash Into Pieces, Saxon, 10cc, och ett 40-tal till.[\/et_pb_text][et_pb_text module_class=&#8221;inter-txt&#8221; _builder_version=&#8221;4.27.5&#8243; _module_preset=&#8221;default&#8221; text_font=&#8221;||||||||&#8221; text_text_color=&#8221;#191919&#8243; text_font_size=&#8221;16px&#8221; text_line_height=&#8221;1.5em&#8221; link_text_color=&#8221;#007cbf&#8221; header_font=&#8221;||||||||&#8221; header_2_font=&#8221;|700|||||||&#8221; header_2_text_color=&#8221;#191919&#8243; header_2_font_size=&#8221;24px&#8221; background_color=&#8221;#f0f0f2&#8243; width=&#8221;640px&#8221; width_tablet=&#8221;100%&#8221; width_phone=&#8221;100%&#8221; width_last_edited=&#8221;on|phone&#8221; module_alignment=&#8221;center&#8221; custom_margin=&#8221;30px||||false|false&#8221; custom_padding=&#8221;30px|30px|30px|30px|true|true&#8221; hover_enabled=&#8221;0&#8243; header_2_font_size_tablet=&#8221;24px&#8221; header_2_font_size_phone=&#8221;22px&#8221; header_2_font_size_last_edited=&#8221;on|phone&#8221; border_radii=&#8221;on|0.5rem|0.5rem|0.5rem|0.5rem&#8221; locked=&#8221;off&#8221; global_colors_info=&#8221;{}&#8221; theme_builder_area=&#8221;post_content&#8221; sticky_enabled=&#8221;0&#8243;]<\/p>\n<h3>Dalarnas Idrottsgala<\/h3>\n<p><strong>Var:<\/strong> Magasinet.<br \/>\n<strong>N\u00e4r:<\/strong> 25 mars.<br \/>\n<strong>Varf\u00f6r:<\/strong> Dalarnas Tidningar vill tillsammans med en rad partners uppm\u00e4rksamma s\u00e5v\u00e4l elit- som breddidrotten i Dalarna samt de eldsj\u00e4lar som driver f\u00f6reningslivet fram\u00e5t.<br \/>\n<strong>Vilka kommer:<\/strong> Framst\u00e5ende idrottsprofiler och aktiva inom f\u00f6reningslivet. Linda Bengtzing och Jesper Lindell underh\u00e5ller. Galan leds av tv-profilen Jessica Almen\u00e4s med sidekicken Heavy.<\/p>\n<p><a href=\"https:\/\/www.nortic.se\/ticket\/event\/75478\" target=\"_blank\" rel=\"noopener\">Biljetter hittar du h\u00e4r!<\/a>[\/et_pb_text][\/et_pb_column][\/et_pb_row][\/et_pb_section]<\/p>\n","protected":false},"excerpt":{"rendered":"<p>Kr\u00f6nikaF\u00f6reningarna g\u00f6r Alive m\u00f6jligt \u2013 \u201cWin-win f\u00f6r alla\u201dFestivalgl\u00e4dje, musik, mat och fullt tryck &#8211; men ocks\u00e5 entr\u00e9er som ska rulla och mycket annat som m\u00e5ste flyta p\u00e5. P\u00e5 Alive Festival \u00e4r det lokala f\u00f6reningar som sk\u00f6ter en hel del bakom kulisserna &#8211; mot en ers\u00e4ttning som g\u00e5r tillbaka till verksamheten.Inneh\u00e5ll fr\u00e5n Alive Festival &#8211; stolt [&hellip;]<\/p>\n","protected":false},"author":1,"featured_media":1725,"comment_status":"open","ping_status":"open","sticky":false,"template":"","format":"standard","meta":{"_et_pb_use_builder":"on","_et_pb_old_content":"","_et_gb_content_width":"","footnotes":""},"categories":[14,9,8,11,5,10,6,7],"tags":[],"class_list":["post-1720","post","type-post","status-publish","format-standard","has-post-thumbnail","hentry","category-artiklar-2026","category-at","category-bt","category-dd","category-fk","category-mt","category-nlt","category-sdt"],"_links":{"self":[{"href":"https:\/\/kampanj.bonniernewslocal.se\/dalarnasidrottsgala\/wp-json\/wp\/v2\/posts\/1720","targetHints":{"allow":["GET"]}}],"collection":[{"href":"https:\/\/kampanj.bonniernewslocal.se\/dalarnasidrottsgala\/wp-json\/wp\/v2\/posts"}],"about":[{"href":"https:\/\/kampanj.bonniernewslocal.se\/dalarnasidrottsgala\/wp-json\/wp\/v2\/types\/post"}],"author":[{"embeddable":true,"href":"https:\/\/kampanj.bonniernewslocal.se\/dalarnasidrottsgala\/wp-json\/wp\/v2\/users\/1"}],"replies":[{"embeddable":true,"href":"https:\/\/kampanj.bonniernewslocal.se\/dalarnasidrottsgala\/wp-json\/wp\/v2\/comments?post=1720"}],"version-history":[{"count":15,"href":"https:\/\/kampanj.bonniernewslocal.se\/dalarnasidrottsgala\/wp-json\/wp\/v2\/posts\/1720\/revisions"}],"predecessor-version":[{"id":1858,"href":"https:\/\/kampanj.bonniernewslocal.se\/dalarnasidrottsgala\/wp-json\/wp\/v2\/posts\/1720\/revisions\/1858"}],"wp:featuredmedia":[{"embeddable":true,"href":"https:\/\/kampanj.bonniernewslocal.se\/dalarnasidrottsgala\/wp-json\/wp\/v2\/media\/1725"}],"wp:attachment":[{"href":"https:\/\/kampanj.bonniernewslocal.se\/dalarnasidrottsgala\/wp-json\/wp\/v2\/media?parent=1720"}],"wp:term":[{"taxonomy":"category","embeddable":true,"href":"https:\/\/kampanj.bonniernewslocal.se\/dalarnasidrottsgala\/wp-json\/wp\/v2\/categories?post=1720"},{"taxonomy":"post_tag","embeddable":true,"href":"https:\/\/kampanj.bonniernewslocal.se\/dalarnasidrottsgala\/wp-json\/wp\/v2\/tags?post=1720"}],"curies":[{"name":"wp","href":"https:\/\/api.w.org\/{rel}","templated":true}]}}